{"id":279419,"date":"2026-04-24T07:24:22","date_gmt":"2026-04-24T07:24:22","guid":{"rendered":"https:\/\/iguality.org\/volunteer-football-coordinator-carlos-on-community-connection-and-the-power-of-sports\/"},"modified":"2026-04-24T07:24:22","modified_gmt":"2026-04-24T07:24:22","slug":"carlos-coordinateur-benevole-du-football-parle-des-liens-avec-la-communaute-et-du-pouvoir-du-sport","status":"publish","type":"post","link":"https:\/\/iguality.org\/fr\/volunteer-football-coordinator-carlos-on-community-connection-and-the-power-of-sports\/","title":{"rendered":"Carlos, coordinateur b\u00e9n\u00e9vole du football, parle de la communaut\u00e9, de la connexion et du pouvoir du sport"},"content":{"rendered":"","protected":false},"excerpt":{"rendered":"<p>Iguality Voices partage des histoires r\u00e9elles de sant\u00e9 mentale de notre communaut\u00e9 afin de briser la stigmatisation et de favoriser la compr\u00e9hension. Dans ce reportage, nous rencontrons Carlos Sanchez, notre coordinateur b\u00e9n\u00e9vole du football, dont la passion pour le sport et la connexion a fa\u00e7onn\u00e9 d'innombrables s\u00e9ances de football.<\/p>","protected":false},"author":3,"featured_media":279425,"comment_status":"closed","ping_status":"open","sticky":false,"template":"","format":"standard","meta":{"_acf_changed":false,"_et_pb_use_builder":"","_et_pb_old_content":"","_et_gb_content_width":"","footnotes":"Volunteer Football Coordinator Carlos on Community, Connection and the power of Sports"},"categories":[143],"tags":[38],"class_list":["post-279419","post","type-post","status-publish","format-standard","has-post-thumbnail","hentry","category-iguality-voices","tag-atblog"],"acf":{"topic":"","image":null,"content":"","sort":"","last_modified":"","category":[]},"aioseo_notices":[],"_links":{"self":[{"href":"https:\/\/iguality.org\/fr\/wp-json\/wp\/v2\/posts\/279419","targetHints":{"allow":["GET"]}}],"collection":[{"href":"https:\/\/iguality.org\/fr\/wp-json\/wp\/v2\/posts"}],"about":[{"href":"https:\/\/iguality.org\/fr\/wp-json\/wp\/v2\/types\/post"}],"author":[{"embeddable":true,"href":"https:\/\/iguality.org\/fr\/wp-json\/wp\/v2\/users\/3"}],"replies":[{"embeddable":true,"href":"https:\/\/iguality.org\/fr\/wp-json\/wp\/v2\/comments?post=279419"}],"version-history":[{"count":1,"href":"https:\/\/iguality.org\/fr\/wp-json\/wp\/v2\/posts\/279419\/revisions"}],"predecessor-version":[{"id":279431,"href":"https:\/\/iguality.org\/fr\/wp-json\/wp\/v2\/posts\/279419\/revisions\/279431"}],"wp:featuredmedia":[{"embeddable":true,"href":"https:\/\/iguality.org\/fr\/wp-json\/wp\/v2\/media\/279425"}],"wp:attachment":[{"href":"https:\/\/iguality.org\/fr\/wp-json\/wp\/v2\/media?parent=279419"}],"wp:term":[{"taxonomy":"category","embeddable":true,"href":"https:\/\/iguality.org\/fr\/wp-json\/wp\/v2\/categories?post=279419"},{"taxonomy":"post_tag","embeddable":true,"href":"https:\/\/iguality.org\/fr\/wp-json\/wp\/v2\/tags?post=279419"}],"curies":[{"name":"wp","href":"https:\/\/api.w.org\/{rel}","templated":true}]}}