{"id":285821,"date":"2026-08-07T09:17:50","date_gmt":"2026-08-07T09:17:50","guid":{"rendered":"https:\/\/iguality.org\/nature-nurture-or-both-what-really-shapes-our-mental-health\/"},"modified":"2026-08-07T09:17:50","modified_gmt":"2026-08-07T09:17:50","slug":"naturalesa-crianca-o-ambdues-allo-que-realment-dona-forma-a-la-nostra-salut-mental","status":"publish","type":"post","link":"https:\/\/iguality.org\/ca\/nature-nurture-or-both-what-really-shapes-our-mental-health\/","title":{"rendered":"Naturalesa, crian\u00e7a o ambdues? Qu\u00e8 determina realment la nostra salut mental"},"content":{"rendered":"","protected":false},"excerpt":{"rendered":"<p>Mental health is often framed as something we either have or lack, written into us from birth. In this piece, Iguality ambassador Dr. Dorota Komar, an epigenetics researcher, unpacks what the science actually says: how genes, environment and experience interact to shape our risk and resilience over a lifetime. It&#8217;s a piece that speaks directly to why we do what we do at Iguality: if environments shape mental health, then building better ones is not optional, it&#8217;s our responsibility.<\/p>","protected":false},"author":3,"featured_media":285827,"comment_status":"open","ping_status":"open","sticky":false,"template":"","format":"standard","meta":{"_acf_changed":false,"_et_pb_use_builder":"","_et_pb_old_content":"","_et_gb_content_width":"","footnotes":""},"categories":[323],"tags":[],"class_list":["post-285821","post","type-post","status-publish","format-standard","has-post-thumbnail","hentry","category-blog"],"acf":[],"aioseo_notices":[],"aioseo_head":"\n\t\t<!-- All in One SEO 5.0.1.1 - aioseo.com -->\n\t<meta name=\"description\" content=\"Mental health is often framed as something we either have or lack, written into us from birth. In this piece, Iguality ambassador Dr. Dorota Komar, an epigenetics researcher, unpacks what the science actually says: how genes, environment and experience interact to shape our risk and resilience over a lifetime. It&#039;s a piece that speaks directly to why we do what we do at Iguality: if environments shape mental health, then building better ones is not optional, it&#039;s our responsibility.\" \/>\n\t<meta name=\"robots\" content=\"max-image-preview:large\" \/>\n\t<meta name=\"author\" content=\"Vincent Simon van Grondelle\"\/>\n\t<link rel=\"canonical\" href=\"https:\/\/iguality.org\/ca\/nature-nurture-or-both-what-really-shapes-our-mental-health\/\" \/>\n\t<meta name=\"generator\" content=\"All in One SEO (AIOSEO) 5.0.1.1\" \/>\n\t\t<meta property=\"og:locale\" content=\"ca_ES\" \/>\n\t\t<meta property=\"og:site_name\" content=\"Iguality - Making mental health care accessible to all.\" \/>\n\t\t<meta property=\"og:type\" content=\"article\" \/>\n\t\t<meta property=\"og:title\" content=\"Nature, Nurture, or Both? What Really Shapes Our Mental Health - Iguality\" \/>\n\t\t<meta property=\"og:description\" content=\"Mental health is often framed as something we either have or lack, written into us from birth. In this piece, Iguality ambassador Dr. Dorota Komar, an epigenetics researcher, unpacks what the science actually says: how genes, environment and experience interact to shape our risk and resilience over a lifetime. It&#039;s a piece that speaks directly to why we do what we do at Iguality: if environments shape mental health, then building better ones is not optional, it&#039;s our responsibility.\" \/>\n\t\t<meta property=\"og:url\" content=\"https:\/\/iguality.org\/ca\/nature-nurture-or-both-what-really-shapes-our-mental-health\/\" \/>\n\t\t<meta property=\"og:image\" content=\"https:\/\/iguality.org\/wp-content\/uploads\/2026\/08\/7.jpg\" \/>\n\t\t<meta property=\"og:image:secure_url\" content=\"https:\/\/iguality.org\/wp-content\/uploads\/2026\/08\/7.jpg\" \/>\n\t\t<meta property=\"og:image:width\" content=\"1680\" \/>\n\t\t<meta property=\"og:image:height\" content=\"945\" \/>\n\t\t<meta property=\"article:published_time\" content=\"2026-08-07T09:17:50+00:00\" \/>\n\t\t<meta property=\"article:modified_time\" content=\"2026-08-07T09:17:50+00:00\" \/>\n\t\t<meta name=\"twitter:card\" content=\"summary_large_image\" \/>\n\t\t<meta name=\"twitter:title\" content=\"Nature, Nurture, or Both? What Really Shapes Our Mental Health - Iguality\" \/>\n\t\t<meta name=\"twitter:description\" content=\"Mental health is often framed as something we either have or lack, written into us from birth. In this piece, Iguality ambassador Dr. Dorota Komar, an epigenetics researcher, unpacks what the science actually says: how genes, environment and experience interact to shape our risk and resilience over a lifetime. It&#039;s a piece that speaks directly to why we do what we do at Iguality: if environments shape mental health, then building better ones is not optional, it&#039;s our responsibility.\" \/>\n\t\t<meta name=\"twitter:image\" content=\"https:\/\/iguality.org\/wp-content\/uploads\/2026\/08\/7.jpg\" \/>\n\t\t<script type=\"application\/ld+json\" class=\"aioseo-schema\">\n\t\t\t{\"@context\":\"https:\\\/\\\/schema.org\",\"@graph\":[{\"@type\":\"BlogPosting\",\"@id\":\"https:\\\/\\\/iguality.org\\\/ca\\\/nature-nurture-or-both-what-really-shapes-our-mental-health\\\/#blogposting\",\"name\":\"Nature, Nurture, or Both? What Really Shapes Our Mental Health - Iguality\",\"headline\":\"Nature, Nurture, or Both? What Really Shapes Our Mental Health\",\"author\":{\"@id\":\"https:\\\/\\\/iguality.org\\\/ca\\\/author\\\/vincent\\\/#author\"},\"publisher\":{\"@id\":\"https:\\\/\\\/iguality.org\\\/ca\\\/#organization\"},\"image\":{\"@type\":\"ImageObject\",\"url\":\"https:\\\/\\\/iguality.org\\\/wp-content\\\/uploads\\\/2026\\\/08\\\/7.jpg\",\"width\":1680,\"height\":945},\"datePublished\":\"2026-08-07T09:17:50+00:00\",\"dateModified\":\"2026-08-07T09:17:50+00:00\",\"inLanguage\":\"ca\",\"mainEntityOfPage\":{\"@id\":\"https:\\\/\\\/iguality.org\\\/ca\\\/nature-nurture-or-both-what-really-shapes-our-mental-health\\\/#webpage\"},\"isPartOf\":{\"@id\":\"https:\\\/\\\/iguality.org\\\/ca\\\/nature-nurture-or-both-what-really-shapes-our-mental-health\\\/#webpage\"},\"articleSection\":\"Blog\"},{\"@type\":\"BreadcrumbList\",\"@id\":\"https:\\\/\\\/iguality.org\\\/ca\\\/nature-nurture-or-both-what-really-shapes-our-mental-health\\\/#breadcrumblist\",\"itemListElement\":[{\"@type\":\"ListItem\",\"@id\":\"https:\\\/\\\/iguality.org\\\/ca#listItem\",\"position\":1,\"name\":\"Home\",\"item\":\"https:\\\/\\\/iguality.org\\\/ca\",\"nextItem\":{\"@type\":\"ListItem\",\"@id\":\"https:\\\/\\\/iguality.org\\\/ca\\\/category\\\/blog\\\/#listItem\",\"name\":\"Blog\"}},{\"@type\":\"ListItem\",\"@id\":\"https:\\\/\\\/iguality.org\\\/ca\\\/category\\\/blog\\\/#listItem\",\"position\":2,\"name\":\"Blog\",\"item\":\"https:\\\/\\\/iguality.org\\\/ca\\\/category\\\/blog\\\/\",\"nextItem\":{\"@type\":\"ListItem\",\"@id\":\"https:\\\/\\\/iguality.org\\\/ca\\\/nature-nurture-or-both-what-really-shapes-our-mental-health\\\/#listItem\",\"name\":\"Nature, Nurture, or Both? What Really Shapes Our Mental Health\"},\"previousItem\":{\"@type\":\"ListItem\",\"@id\":\"https:\\\/\\\/iguality.org\\\/ca#listItem\",\"name\":\"Home\"}},{\"@type\":\"ListItem\",\"@id\":\"https:\\\/\\\/iguality.org\\\/ca\\\/nature-nurture-or-both-what-really-shapes-our-mental-health\\\/#listItem\",\"position\":3,\"name\":\"Nature, Nurture, or Both? What Really Shapes Our Mental Health\",\"previousItem\":{\"@type\":\"ListItem\",\"@id\":\"https:\\\/\\\/iguality.org\\\/ca\\\/category\\\/blog\\\/#listItem\",\"name\":\"Blog\"}}]},{\"@type\":\"Organization\",\"@id\":\"https:\\\/\\\/iguality.org\\\/ca\\\/#organization\",\"name\":\"Iguality Barcelona\",\"description\":\"Making mental health care accessible to all.\",\"url\":\"https:\\\/\\\/iguality.org\\\/ca\\\/\",\"email\":\"info@iguality.org\",\"foundingDate\":\"2022-08-22\",\"numberOfEmployees\":{\"@type\":\"QuantitativeValue\",\"minValue\":2,\"maxValue\":5},\"logo\":{\"@type\":\"ImageObject\",\"url\":\"https:\\\/\\\/iguality.org\\\/wp-content\\\/uploads\\\/2022\\\/08\\\/Logos-wide1.png\",\"@id\":\"https:\\\/\\\/iguality.org\\\/ca\\\/nature-nurture-or-both-what-really-shapes-our-mental-health\\\/#organizationLogo\",\"width\":3000,\"height\":1000},\"image\":{\"@id\":\"https:\\\/\\\/iguality.org\\\/ca\\\/nature-nurture-or-both-what-really-shapes-our-mental-health\\\/#organizationLogo\"}},{\"@type\":\"Person\",\"@id\":\"https:\\\/\\\/iguality.org\\\/ca\\\/author\\\/vincent\\\/#author\",\"url\":\"https:\\\/\\\/iguality.org\\\/ca\\\/author\\\/vincent\\\/\",\"name\":\"Vincent Simon van Grondelle\",\"image\":{\"@type\":\"ImageObject\",\"@id\":\"https:\\\/\\\/iguality.org\\\/ca\\\/nature-nurture-or-both-what-really-shapes-our-mental-health\\\/#authorImage\",\"url\":\"https:\\\/\\\/secure.gravatar.com\\\/avatar\\\/5369bb03f4638a2efc3f96232fec51afc4683017bcd61e755d2fff55edb44777?s=96&d=mm&r=g\",\"width\":96,\"height\":96,\"caption\":\"Vincent Simon van Grondelle\"}},{\"@type\":\"WebPage\",\"@id\":\"https:\\\/\\\/iguality.org\\\/ca\\\/nature-nurture-or-both-what-really-shapes-our-mental-health\\\/#webpage\",\"url\":\"https:\\\/\\\/iguality.org\\\/ca\\\/nature-nurture-or-both-what-really-shapes-our-mental-health\\\/\",\"name\":\"Nature, Nurture, or Both? What Really Shapes Our Mental Health - Iguality\",\"description\":\"Mental health is often framed as something we either have or lack, written into us from birth. In this piece, Iguality ambassador Dr. Dorota Komar, an epigenetics researcher, unpacks what the science actually says: how genes, environment and experience interact to shape our risk and resilience over a lifetime. It's a piece that speaks directly to why we do what we do at Iguality: if environments shape mental health, then building better ones is not optional, it's our responsibility.\",\"inLanguage\":\"ca\",\"isPartOf\":{\"@id\":\"https:\\\/\\\/iguality.org\\\/ca\\\/#website\"},\"breadcrumb\":{\"@id\":\"https:\\\/\\\/iguality.org\\\/ca\\\/nature-nurture-or-both-what-really-shapes-our-mental-health\\\/#breadcrumblist\"},\"author\":{\"@id\":\"https:\\\/\\\/iguality.org\\\/ca\\\/author\\\/vincent\\\/#author\"},\"creator\":{\"@id\":\"https:\\\/\\\/iguality.org\\\/ca\\\/author\\\/vincent\\\/#author\"},\"image\":{\"@type\":\"ImageObject\",\"url\":\"https:\\\/\\\/iguality.org\\\/wp-content\\\/uploads\\\/2026\\\/08\\\/7.jpg\",\"@id\":\"https:\\\/\\\/iguality.org\\\/ca\\\/nature-nurture-or-both-what-really-shapes-our-mental-health\\\/#mainImage\",\"width\":1680,\"height\":945},\"primaryImageOfPage\":{\"@id\":\"https:\\\/\\\/iguality.org\\\/ca\\\/nature-nurture-or-both-what-really-shapes-our-mental-health\\\/#mainImage\"},\"datePublished\":\"2026-08-07T09:17:50+00:00\",\"dateModified\":\"2026-08-07T09:17:50+00:00\"},{\"@type\":\"WebSite\",\"@id\":\"https:\\\/\\\/iguality.org\\\/ca\\\/#website\",\"url\":\"https:\\\/\\\/iguality.org\\\/ca\\\/\",\"name\":\"Iguality\",\"alternateName\":\"ASSOCIACI\\u00d3 IGUALITY LAB I COMUNITAT\",\"description\":\"Making mental health care accessible to all.\",\"inLanguage\":\"ca\",\"publisher\":{\"@id\":\"https:\\\/\\\/iguality.org\\\/ca\\\/#organization\"}}]}\n\t\t<\/script>\n\t\t<!-- All in One SEO -->\n\n","aioseo_head_json":{"title":"Naturalesa, crian\u00e7a o ambdues? Qu\u00e8 determina realment la nostra salut mental - Iguality","description":"La salut mental sovint es presenta com una cosa que tenim o ens falta, escrita en nosaltres des del naixement. En aquest article, la doctora Dorota Komar, investigadora en epigen\u00e8tica i ambaixadora de Iguality, desglossa el que la ci\u00e8ncia diu realment: com els gens, el medi ambient i l'experi\u00e8ncia interactuen per modelar el nostre risc i la nostra resili\u00e8ncia al llarg de la vida. \u00c9s un article que explica directament per qu\u00e8 fem el que fem a Iguality: si els entorns modelen la salut mental, construir-ne de millors no \u00e9s opcional, \u00e9s la nostra responsabilitat.","canonical_url":"https:\/\/iguality.org\/ca\/nature-nurture-or-both-what-really-shapes-our-mental-health\/","robots":"max-image-preview:large","keywords":"","webmasterTools":{"miscellaneous":""},"schema":{"@context":"https:\/\/schema.org","@graph":[{"@type":"BlogPosting","@id":"https:\/\/iguality.org\/ca\/nature-nurture-or-both-what-really-shapes-our-mental-health\/#blogposting","name":"Nature, Nurture, or Both? What Really Shapes Our Mental Health - Iguality","headline":"Nature, Nurture, or Both? What Really Shapes Our Mental Health","author":{"@id":"https:\/\/iguality.org\/ca\/author\/vincent\/#author"},"publisher":{"@id":"https:\/\/iguality.org\/ca\/#organization"},"image":{"@type":"ImageObject","url":"https:\/\/iguality.org\/wp-content\/uploads\/2026\/08\/7.jpg","width":1680,"height":945},"datePublished":"2026-08-07T09:17:50+00:00","dateModified":"2026-08-07T09:17:50+00:00","inLanguage":"ca","mainEntityOfPage":{"@id":"https:\/\/iguality.org\/ca\/nature-nurture-or-both-what-really-shapes-our-mental-health\/#webpage"},"isPartOf":{"@id":"https:\/\/iguality.org\/ca\/nature-nurture-or-both-what-really-shapes-our-mental-health\/#webpage"},"articleSection":"Blog"},{"@type":"BreadcrumbList","@id":"https:\/\/iguality.org\/ca\/nature-nurture-or-both-what-really-shapes-our-mental-health\/#breadcrumblist","itemListElement":[{"@type":"ListItem","@id":"https:\/\/iguality.org\/ca#listItem","position":1,"name":"Home","item":"https:\/\/iguality.org\/ca","nextItem":{"@type":"ListItem","@id":"https:\/\/iguality.org\/ca\/category\/blog\/#listItem","name":"Blog"}},{"@type":"ListItem","@id":"https:\/\/iguality.org\/ca\/category\/blog\/#listItem","position":2,"name":"Blog","item":"https:\/\/iguality.org\/ca\/category\/blog\/","nextItem":{"@type":"ListItem","@id":"https:\/\/iguality.org\/ca\/nature-nurture-or-both-what-really-shapes-our-mental-health\/#listItem","name":"Nature, Nurture, or Both? What Really Shapes Our Mental Health"},"previousItem":{"@type":"ListItem","@id":"https:\/\/iguality.org\/ca#listItem","name":"Home"}},{"@type":"ListItem","@id":"https:\/\/iguality.org\/ca\/nature-nurture-or-both-what-really-shapes-our-mental-health\/#listItem","position":3,"name":"Nature, Nurture, or Both? What Really Shapes Our Mental Health","previousItem":{"@type":"ListItem","@id":"https:\/\/iguality.org\/ca\/category\/blog\/#listItem","name":"Blog"}}]},{"@type":"Organization","@id":"https:\/\/iguality.org\/ca\/#organization","name":"Iguality Barcelona","description":"Making mental health care accessible to all.","url":"https:\/\/iguality.org\/ca\/","email":"info@iguality.org","foundingDate":"2022-08-22","numberOfEmployees":{"@type":"QuantitativeValue","minValue":2,"maxValue":5},"logo":{"@type":"ImageObject","url":"https:\/\/iguality.org\/wp-content\/uploads\/2022\/08\/Logos-wide1.png","@id":"https:\/\/iguality.org\/ca\/nature-nurture-or-both-what-really-shapes-our-mental-health\/#organizationLogo","width":3000,"height":1000},"image":{"@id":"https:\/\/iguality.org\/ca\/nature-nurture-or-both-what-really-shapes-our-mental-health\/#organizationLogo"}},{"@type":"Person","@id":"https:\/\/iguality.org\/ca\/author\/vincent\/#author","url":"https:\/\/iguality.org\/ca\/author\/vincent\/","name":"Vincent Simon van Grondelle","image":{"@type":"ImageObject","@id":"https:\/\/iguality.org\/ca\/nature-nurture-or-both-what-really-shapes-our-mental-health\/#authorImage","url":"https:\/\/secure.gravatar.com\/avatar\/5369bb03f4638a2efc3f96232fec51afc4683017bcd61e755d2fff55edb44777?s=96&d=mm&r=g","width":96,"height":96,"caption":"Vincent Simon van Grondelle"}},{"@type":"WebPage","@id":"https:\/\/iguality.org\/ca\/nature-nurture-or-both-what-really-shapes-our-mental-health\/#webpage","url":"https:\/\/iguality.org\/ca\/nature-nurture-or-both-what-really-shapes-our-mental-health\/","name":"Nature, Nurture, or Both? What Really Shapes Our Mental Health - Iguality","description":"Mental health is often framed as something we either have or lack, written into us from birth. In this piece, Iguality ambassador Dr. Dorota Komar, an epigenetics researcher, unpacks what the science actually says: how genes, environment and experience interact to shape our risk and resilience over a lifetime. It's a piece that speaks directly to why we do what we do at Iguality: if environments shape mental health, then building better ones is not optional, it's our responsibility.","inLanguage":"ca","isPartOf":{"@id":"https:\/\/iguality.org\/ca\/#website"},"breadcrumb":{"@id":"https:\/\/iguality.org\/ca\/nature-nurture-or-both-what-really-shapes-our-mental-health\/#breadcrumblist"},"author":{"@id":"https:\/\/iguality.org\/ca\/author\/vincent\/#author"},"creator":{"@id":"https:\/\/iguality.org\/ca\/author\/vincent\/#author"},"image":{"@type":"ImageObject","url":"https:\/\/iguality.org\/wp-content\/uploads\/2026\/08\/7.jpg","@id":"https:\/\/iguality.org\/ca\/nature-nurture-or-both-what-really-shapes-our-mental-health\/#mainImage","width":1680,"height":945},"primaryImageOfPage":{"@id":"https:\/\/iguality.org\/ca\/nature-nurture-or-both-what-really-shapes-our-mental-health\/#mainImage"},"datePublished":"2026-08-07T09:17:50+00:00","dateModified":"2026-08-07T09:17:50+00:00"},{"@type":"WebSite","@id":"https:\/\/iguality.org\/ca\/#website","url":"https:\/\/iguality.org\/ca\/","name":"Iguality","alternateName":"ASSOCIACI\u00d3 IGUALITY LAB I COMUNITAT","description":"Making mental health care accessible to all.","inLanguage":"ca","publisher":{"@id":"https:\/\/iguality.org\/ca\/#organization"}}]},"og:locale":"ca_ES","og:site_name":"Iguality - Making mental health care accessible to all.","og:type":"article","og:title":"Nature, Nurture, or Both? What Really Shapes Our Mental Health - Iguality","og:description":"Mental health is often framed as something we either have or lack, written into us from birth. In this piece, Iguality ambassador Dr. Dorota Komar, an epigenetics researcher, unpacks what the science actually says: how genes, environment and experience interact to shape our risk and resilience over a lifetime. It's a piece that speaks directly to why we do what we do at Iguality: if environments shape mental health, then building better ones is not optional, it's our responsibility.","og:url":"https:\/\/iguality.org\/ca\/nature-nurture-or-both-what-really-shapes-our-mental-health\/","og:image":"https:\/\/iguality.org\/wp-content\/uploads\/2026\/08\/7.jpg","og:image:secure_url":"https:\/\/iguality.org\/wp-content\/uploads\/2026\/08\/7.jpg","og:image:width":1680,"og:image:height":945,"article:published_time":"2026-08-07T09:17:50+00:00","article:modified_time":"2026-08-07T09:17:50+00:00","twitter:card":"summary_large_image","twitter:title":"Nature, Nurture, or Both? What Really Shapes Our Mental Health - Iguality","twitter:description":"Mental health is often framed as something we either have or lack, written into us from birth. In this piece, Iguality ambassador Dr. Dorota Komar, an epigenetics researcher, unpacks what the science actually says: how genes, environment and experience interact to shape our risk and resilience over a lifetime. It's a piece that speaks directly to why we do what we do at Iguality: if environments shape mental health, then building better ones is not optional, it's our responsibility.","twitter:image":"https:\/\/iguality.org\/wp-content\/uploads\/2026\/08\/7.jpg"},"aioseo_meta_data":{"post_id":"285821","title":null,"description":null,"keywords":null,"keyphrases":{"focus":[],"additional":[]},"primary_term":null,"canonical_url":null,"og_title":null,"og_description":null,"og_object_type":"default","og_image_type":"default","og_image_url":null,"og_image_width":null,"og_image_height":null,"og_image_custom_url":null,"og_image_custom_fields":null,"og_video":null,"og_custom_url":null,"og_article_section":null,"og_article_tags":null,"twitter_use_og":false,"twitter_card":"default","twitter_image_type":"default","twitter_image_url":null,"twitter_image_custom_url":null,"twitter_image_custom_fields":null,"twitter_title":null,"twitter_description":null,"schema":{"blockGraphs":[],"customGraphs":[],"default":{"data":{"Article":[],"Course":[],"Dataset":[],"FAQPage":[],"Movie":[],"Person":[],"Product":[],"ProductReview":[],"Car":[],"Recipe":[],"Service":[],"SoftwareApplication":[],"WebPage":[]},"graphName":"","isEnabled":true},"graphs":[]},"schema_type":"default","schema_type_options":null,"pillar_content":false,"robots_default":true,"robots_noindex":false,"robots_noarchive":false,"robots_nosnippet":false,"robots_nofollow":false,"robots_noimageindex":false,"robots_noodp":false,"robots_notranslate":false,"robots_max_snippet":null,"robots_max_videopreview":null,"robots_max_imagepreview":"large","priority":null,"frequency":null,"local_seo":null,"breadcrumb_settings":null,"limit_modified_date":false,"ai":null,"created":"2026-08-07 09:17:58","updated":"2026-08-24 10:13:39","seo_analyzer_scan_date":null,"focus_keyword":null,"additional_keywords":null,"truseo_locale":null},"aioseo_breadcrumb":"<div class=\"aioseo-breadcrumbs\"><span class=\"aioseo-breadcrumb\">\n\t\t\t<a href=\"https:\/\/iguality.org\/ca\" title=\"Home\">Home<\/a>\n\t\t<\/span><span class=\"aioseo-breadcrumb-separator\">&#x2023;<\/span><span class=\"aioseo-breadcrumb\">\n\t\t\t<a href=\"https:\/\/iguality.org\/ca\/category\/blog\/\" title=\"Blog\">Blog<\/a>\n\t\t<\/span><span class=\"aioseo-breadcrumb-separator\">&#x2023;<\/span><span class=\"aioseo-breadcrumb\">\n\t\t\tNature, Nurture, or Both? What Really Shapes Our Mental Health\n\t\t<\/span><\/div>","aioseo_breadcrumb_json":[{"label":"Home","link":"https:\/\/iguality.org\/ca"},{"label":"Blog","link":"https:\/\/iguality.org\/ca\/category\/blog\/"},{"label":"Nature, Nurture, or Both? What Really Shapes Our Mental Health","link":"https:\/\/iguality.org\/ca\/nature-nurture-or-both-what-really-shapes-our-mental-health\/"}],"_links":{"self":[{"href":"https:\/\/iguality.org\/ca\/wp-json\/wp\/v2\/posts\/285821","targetHints":{"allow":["GET"]}}],"collection":[{"href":"https:\/\/iguality.org\/ca\/wp-json\/wp\/v2\/posts"}],"about":[{"href":"https:\/\/iguality.org\/ca\/wp-json\/wp\/v2\/types\/post"}],"author":[{"embeddable":true,"href":"https:\/\/iguality.org\/ca\/wp-json\/wp\/v2\/users\/3"}],"replies":[{"embeddable":true,"href":"https:\/\/iguality.org\/ca\/wp-json\/wp\/v2\/comments?post=285821"}],"version-history":[{"count":0,"href":"https:\/\/iguality.org\/ca\/wp-json\/wp\/v2\/posts\/285821\/revisions"}],"wp:featuredmedia":[{"embeddable":true,"href":"https:\/\/iguality.org\/ca\/wp-json\/wp\/v2\/media\/285827"}],"wp:attachment":[{"href":"https:\/\/iguality.org\/ca\/wp-json\/wp\/v2\/media?parent=285821"}],"wp:term":[{"taxonomy":"category","embeddable":true,"href":"https:\/\/iguality.org\/ca\/wp-json\/wp\/v2\/categories?post=285821"},{"taxonomy":"post_tag","embeddable":true,"href":"https:\/\/iguality.org\/ca\/wp-json\/wp\/v2\/tags?post=285821"}],"curies":[{"name":"wp","href":"https:\/\/api.w.org\/{rel}","templated":true}]}}