{"id":279419,"date":"2026-04-24T07:24:22","date_gmt":"2026-04-24T07:24:22","guid":{"rendered":"https:\/\/iguality.org\/volunteer-football-coordinator-carlos-on-community-connection-and-the-power-of-sports\/"},"modified":"2026-04-24T07:24:22","modified_gmt":"2026-04-24T07:24:22","slug":"el-coordinador-voluntari-de-futbol-carlos-sobre-la-connexio-comunitaria-i-el-poder-de-lesport","status":"publish","type":"post","link":"https:\/\/iguality.org\/ca\/volunteer-football-coordinator-carlos-on-community-connection-and-the-power-of-sports\/","title":{"rendered":"Carlos, coordinador voluntari de futbol, sobre la comunitat, la connexi\u00f3 i el poder de l'esport"},"content":{"rendered":"","protected":false},"excerpt":{"rendered":"<p>Iguality Voices comparteix hist\u00f2ries reals de salut mental de la nostra comunitat per trencar l'estigma i fomentar la comprensi\u00f3. En aquest reportatge coneixem Carlos Sanchez, el nostre coordinador de futbol voluntari, la passi\u00f3 pel esport i la seva connexi\u00f3 han donat forma a innombrables sessions de futbol.<\/p>","protected":false},"author":3,"featured_media":279425,"comment_status":"closed","ping_status":"open","sticky":false,"template":"","format":"standard","meta":{"_acf_changed":false,"_et_pb_use_builder":"","_et_pb_old_content":"","_et_gb_content_width":"","footnotes":"Volunteer Football Coordinator Carlos on Community, Connection and the power of Sports"},"categories":[143],"tags":[38],"class_list":["post-279419","post","type-post","status-publish","format-standard","has-post-thumbnail","hentry","category-iguality-voices","tag-atblog"],"acf":{"topic":"","image":null,"content":"","sort":"","last_modified":"","category":[]},"aioseo_notices":[],"_links":{"self":[{"href":"https:\/\/iguality.org\/ca\/wp-json\/wp\/v2\/posts\/279419","targetHints":{"allow":["GET"]}}],"collection":[{"href":"https:\/\/iguality.org\/ca\/wp-json\/wp\/v2\/posts"}],"about":[{"href":"https:\/\/iguality.org\/ca\/wp-json\/wp\/v2\/types\/post"}],"author":[{"embeddable":true,"href":"https:\/\/iguality.org\/ca\/wp-json\/wp\/v2\/users\/3"}],"replies":[{"embeddable":true,"href":"https:\/\/iguality.org\/ca\/wp-json\/wp\/v2\/comments?post=279419"}],"version-history":[{"count":1,"href":"https:\/\/iguality.org\/ca\/wp-json\/wp\/v2\/posts\/279419\/revisions"}],"predecessor-version":[{"id":279431,"href":"https:\/\/iguality.org\/ca\/wp-json\/wp\/v2\/posts\/279419\/revisions\/279431"}],"wp:featuredmedia":[{"embeddable":true,"href":"https:\/\/iguality.org\/ca\/wp-json\/wp\/v2\/media\/279425"}],"wp:attachment":[{"href":"https:\/\/iguality.org\/ca\/wp-json\/wp\/v2\/media?parent=279419"}],"wp:term":[{"taxonomy":"category","embeddable":true,"href":"https:\/\/iguality.org\/ca\/wp-json\/wp\/v2\/categories?post=279419"},{"taxonomy":"post_tag","embeddable":true,"href":"https:\/\/iguality.org\/ca\/wp-json\/wp\/v2\/tags?post=279419"}],"curies":[{"name":"wp","href":"https:\/\/api.w.org\/{rel}","templated":true}]}}